{"id":95,"date":"2022-07-31T16:08:00","date_gmt":"2022-07-31T21:08:00","guid":{"rendered":"https:\/\/www.ifssac.com\/blog\/?p=95"},"modified":"2023-04-14T09:41:42","modified_gmt":"2023-04-14T14:41:42","slug":"el-aumento-del-servicio-del-transporte-maritimo-en-los-ultimos-anos","status":"publish","type":"post","link":"https:\/\/www.ifssac.com\/blog\/el-aumento-del-servicio-del-transporte-maritimo-en-los-ultimos-anos\/","title":{"rendered":"El aumento del servicio del transporte mar\u00edtimo en los \u00faltimos a\u00f1os"},"content":{"rendered":"\n<p class=\"has-text-align-justify\">En el 2020 el costo de <a aria-label=\"transporte mar\u00edtimo (opens in a new tab)\" href=\"https:\/\/www.ifssac.com\/transporte-maritimo\" target=\"_blank\" rel=\"noreferrer noopener\" class=\"ek-link\"><strong>transporte mar\u00edtimo<\/strong><\/a>, por un contenedor de 12 metros, trasladado desde China a EE.UU. costaba 500 veces menos de lo que cuesta hoy en d\u00eda. <strong>El aumento en el precio del transporte de contenedores por v\u00eda mar\u00edtima se debe a diferentes factores<\/strong>; principalmente la pandemia ocasionada por el COVID-19.&nbsp;<\/p>\n\n\n<div class=\"wp-block-image\">\n<figure class=\"aligncenter size-large\"><a href=\"https:\/\/www.ifssac.com\/contactenos\" target=\"_blank\" rel=\"noreferrer noopener\"><img loading=\"lazy\" decoding=\"async\" width=\"1024\" height=\"113\" src=\"https:\/\/www.ifssac.com\/blog\/wp-content\/uploads\/2022\/08\/Transporte-Maritimo-1024x113.png\" alt=\"contacto agente transporte maritimo\" class=\"wp-image-198\" srcset=\"https:\/\/www.ifssac.com\/blog\/wp-content\/uploads\/2022\/08\/Transporte-Maritimo-1024x113.png 1024w, https:\/\/www.ifssac.com\/blog\/wp-content\/uploads\/2022\/08\/Transporte-Maritimo-300x33.png 300w, https:\/\/www.ifssac.com\/blog\/wp-content\/uploads\/2022\/08\/Transporte-Maritimo-768x85.png 768w, https:\/\/www.ifssac.com\/blog\/wp-content\/uploads\/2022\/08\/Transporte-Maritimo.png 1520w\" sizes=\"auto, (max-width: 1024px) 100vw, 1024px\" \/><\/a><\/figure><\/div>\n\n\n<p class=\"has-text-align-justify\">A causa de ello, se han dado cambios en los pa\u00edses emisores y receptores de mercader\u00eda. Por ejemplo, el incremento de la demanda producto de la pandemia; el cierre de puertos en China a causa de nuevos brotes; adem\u00e1s de factores aislados como el encallamiento de embarcaciones en canales importantes para el <a href=\"https:\/\/www.ifssac.com\/blog\/que-es-el-flete-maritimo-y-como-se-determina\/\" target=\"_blank\" aria-label=\"transporte mar\u00edtimo internacional (opens in a new tab)\" rel=\"noreferrer noopener\" class=\"ek-link\"><strong>transporte mar\u00edtimo internacional<\/strong><\/a>, debido a su alto tr\u00e1nsito, etc.&nbsp;<\/p>\n\n\n\n<h2 class=\"wp-block-heading\">El incremento en los ingresos del transporte mar\u00edtimo ha afectado otras industrias<\/h2>\n\n\n\n<p class=\"has-text-align-justify\">Los fabricantes de productos se han visto afectados por el alza en los precios de transporte mar\u00edtimo; puesto que han padecido una crisis de suministros y un alto grado de incertidumbre. Sin embargo, si hablamos propiamente de la industria del <strong><a aria-label=\"transporte de carga (opens in a new tab)\" href=\"https:\/\/www.ifssac.com\/blog\/digitalizacion-del-transporte-de-carga-como-nuevo-servicio\/\" target=\"_blank\" rel=\"noreferrer noopener\" class=\"ek-link\">transporte de carga<\/a><\/strong>, los cargueros se han visto beneficiados con el alza, puesto que con ello han aumentado los ingresos que se hab\u00edan paralizado desde 2008.<\/p>\n\n\n\n<p class=\"has-white-color has-text-color\"><span style=\"background-color:#05408a\" class=\"has-inline-background\">TAMBI\u00c9N TE PUEDE INTERESAR<\/span><\/p>\n\n\n\n<ul class=\"is-style-starred has-list-bullet-color wp-block-list\" style=\"--ek-bullet-color:#05408a\">\n\n<li><a href=\"https:\/\/www.ifssac.com\/blog\/cuales-son-los-riesgos-del-transporte-internacional-maritimo-de-carga\/\" target=\"_blank\" aria-label=\"\u00bfCu\u00e1les son los riesgos del transporte internacional mar\u00edtimo de carga? (opens in a new tab)\" rel=\"noreferrer noopener\" class=\"ek-link\"><span style=\"background-color:#eaeaea\" class=\"has-inline-background\">\u00bfCu\u00e1les son los riesgos del transporte internacional mar\u00edtimo de carga?<\/span><\/a><\/li>\n\n\n<li><a href=\"https:\/\/www.ifssac.com\/blog\/cuales-son-los-tipos-de-contenedores-mas-usados-en-el-transporte-maritimo\/\" target=\"_blank\" aria-label=\"\u00bfCu\u00e1les son los tipos de contenedores m\u00e1s usados en el transporte mar\u00edtimo? (opens in a new tab)\" rel=\"noreferrer noopener\" class=\"ek-link\"><span style=\"background-color:#eaeaea\" class=\"has-inline-background\">\u00bfCu\u00e1les son los tipos de contenedores m\u00e1s usados en el transporte mar\u00edtimo?<\/span><\/a><\/li>\n\n\n<li><a href=\"https:\/\/www.ifssac.com\/blog\/el-mercado-de-contenedores-se-normalizara-a-mediados-de-2023\/\" target=\"_blank\" aria-label=\"El mercado de contenedores se normalizar\u00e1 a mediados de 2023 (opens in a new tab)\" rel=\"noreferrer noopener\" class=\"ek-link\"><span style=\"background-color:#eaeaea\" class=\"has-inline-background\">El mercado de contenedores se normalizar\u00e1 a mediados de 2023<\/span><\/a><\/li>\n\n<\/ul>\n\n\n<div class=\"wp-block-image\">\n<figure class=\"aligncenter size-full\"><img loading=\"lazy\" decoding=\"async\" width=\"1025\" height=\"450\" src=\"https:\/\/www.ifssac.com\/blog\/wp-content\/uploads\/2022\/08\/Transporte-maritimo-incrementa-sus-ingresos-por-pandemia.jpg\" alt=\"incremento en los ingresos del transporte mar\u00edtimo\" class=\"wp-image-97\" srcset=\"https:\/\/www.ifssac.com\/blog\/wp-content\/uploads\/2022\/08\/Transporte-maritimo-incrementa-sus-ingresos-por-pandemia.jpg 1025w, https:\/\/www.ifssac.com\/blog\/wp-content\/uploads\/2022\/08\/Transporte-maritimo-incrementa-sus-ingresos-por-pandemia-300x132.jpg 300w, https:\/\/www.ifssac.com\/blog\/wp-content\/uploads\/2022\/08\/Transporte-maritimo-incrementa-sus-ingresos-por-pandemia-768x337.jpg 768w\" sizes=\"auto, (max-width: 1025px) 100vw, 1025px\" \/><\/figure><\/div>\n\n\n<h2 class=\"wp-block-heading\">El transporte de contenedores es el que m\u00e1s se ha visto beneficiado<\/h2>\n\n\n\n<p class=\"has-text-align-justify\">En cuanto a <strong>los sub-bloques de transporte de carga mar\u00edtima que se han visto m\u00e1s beneficiados por el alza de los precios, se encuentra el de los contenedores<\/strong>. De hecho, si tenemos que hablar de grupos que no han logrado grandes beneficios, solo tendr\u00edamos que mencionar a la industria del gas y del petr\u00f3leo, aunque en este caso no se debe a un tema de transporte, sino a la situaci\u00f3n que se vive producto de otros factores.<\/p>\n\n\n<div class=\"wp-block-image\">\n<figure class=\"aligncenter size-full\"><img loading=\"lazy\" decoding=\"async\" width=\"1025\" height=\"450\" src=\"https:\/\/www.ifssac.com\/blog\/wp-content\/uploads\/2022\/08\/El-transporte-de-contenedores-es-el-que-mas-se-ha-visto-beneficiado.jpg\" alt=\"transporte de contenedores result\u00f3 m\u00e1s beneficiado\" class=\"wp-image-98\" srcset=\"https:\/\/www.ifssac.com\/blog\/wp-content\/uploads\/2022\/08\/El-transporte-de-contenedores-es-el-que-mas-se-ha-visto-beneficiado.jpg 1025w, https:\/\/www.ifssac.com\/blog\/wp-content\/uploads\/2022\/08\/El-transporte-de-contenedores-es-el-que-mas-se-ha-visto-beneficiado-300x132.jpg 300w, https:\/\/www.ifssac.com\/blog\/wp-content\/uploads\/2022\/08\/El-transporte-de-contenedores-es-el-que-mas-se-ha-visto-beneficiado-768x337.jpg 768w\" sizes=\"auto, (max-width: 1025px) 100vw, 1025px\" \/><\/figure><\/div>\n\n\n<h2 class=\"wp-block-heading\">Pron\u00f3stico del precio en el transporte mar\u00edtimo<\/h2>\n\n\n\n<p class=\"has-text-align-justify\">Las m\u00e9tricas de 2020 y la expectativa del 2021 parec\u00edan alentar a que para este a\u00f1o (2022), <strong>el precio del transporte de carga mar\u00edtima disminuyera<\/strong>; sin embargo, eso no ha sucedido. Los retrasos en las entregas de camiones y los aumentos en el precio de las comisiones, junto con el aumento de la demanda tras la reactivaci\u00f3n econ\u00f3mica han hecho que los precios suban m\u00e1s; se estima que en EE.UU. el costo del transporte mar\u00edtimo subi\u00f3 23.6% en contraste con el a\u00f1o anterior.&nbsp;<\/p>\n\n\n\n<p class=\"has-text-align-justify\">Esto no es todo, tambi\u00e9n existen algunos productos cuyo costo de transporte por mar resulta m\u00e1s costoso que otros; este es el caso, por ejemplo, de los cereales que, entre febrero y marzo ha subido un 60% para aquellas cargas que se trasladan por el Mar Negro, producto de la guerra entre Rusia y Ucrania, y que ha llevado no solo a la p\u00e9rdida de alimentos, sino tambi\u00e9n retrasos y a la acumulaci\u00f3n de contenedores en los puertos europeos.<\/p>\n\n\n\n<p>\u00bfNecesita un <a aria-label=\"Operador Log\u00edstico Internacional (opens in a new tab)\" href=\"https:\/\/www.ifssac.com\/\" target=\"_blank\" rel=\"noreferrer noopener\" class=\"ek-link\"><strong>Operador Log\u00edstico Internacional<\/strong><\/a> con experiencia? El equipo IFS Per\u00fa podemos ayudarlo. \u00a1Cont\u00e1ctenos para m\u00e1s informaci\u00f3n!<\/p>\n","protected":false},"excerpt":{"rendered":"<p>En el 2020 el costo de transporte mar\u00edtimo, por un contenedor de 12 metros, trasladado desde China a EE.UU. costaba 500 veces menos de lo que cuesta hoy en d\u00eda. El aumento en el precio del transporte de contenedores por v\u00eda mar\u00edtima se debe a diferentes factores; principalmente la pandemia ocasionada por el COVID-19.&nbsp; A [&hellip;]<\/p>\n","protected":false},"author":2,"featured_media":99,"comment_status":"open","ping_status":"open","sticky":false,"template":"","format":"standard","meta":{"footnotes":""},"categories":[6],"tags":[11,10],"class_list":["post-95","post","type-post","status-publish","format-standard","has-post-thumbnail","hentry","category-transporte-maritimo","tag-aumento-del-servicio-del-transporte-maritimo","tag-transporte-maritimo"],"_links":{"self":[{"href":"https:\/\/www.ifssac.com\/blog\/wp-json\/wp\/v2\/posts\/95","targetHints":{"allow":["GET"]}}],"collection":[{"href":"https:\/\/www.ifssac.com\/blog\/wp-json\/wp\/v2\/posts"}],"about":[{"href":"https:\/\/www.ifssac.com\/blog\/wp-json\/wp\/v2\/types\/post"}],"author":[{"embeddable":true,"href":"https:\/\/www.ifssac.com\/blog\/wp-json\/wp\/v2\/users\/2"}],"replies":[{"embeddable":true,"href":"https:\/\/www.ifssac.com\/blog\/wp-json\/wp\/v2\/comments?post=95"}],"version-history":[{"count":1,"href":"https:\/\/www.ifssac.com\/blog\/wp-json\/wp\/v2\/posts\/95\/revisions"}],"predecessor-version":[{"id":914,"href":"https:\/\/www.ifssac.com\/blog\/wp-json\/wp\/v2\/posts\/95\/revisions\/914"}],"wp:featuredmedia":[{"embeddable":true,"href":"https:\/\/www.ifssac.com\/blog\/wp-json\/wp\/v2\/media\/99"}],"wp:attachment":[{"href":"https:\/\/www.ifssac.com\/blog\/wp-json\/wp\/v2\/media?parent=95"}],"wp:term":[{"taxonomy":"category","embeddable":true,"href":"https:\/\/www.ifssac.com\/blog\/wp-json\/wp\/v2\/categories?post=95"},{"taxonomy":"post_tag","embeddable":true,"href":"https:\/\/www.ifssac.com\/blog\/wp-json\/wp\/v2\/tags?post=95"}],"curies":[{"name":"wp","href":"https:\/\/api.w.org\/{rel}","templated":true}]}}