{"id":528,"date":"2023-01-19T11:30:08","date_gmt":"2023-01-19T16:30:08","guid":{"rendered":"https:\/\/www.ifssac.com\/blog\/?p=528"},"modified":"2023-05-17T12:18:23","modified_gmt":"2023-05-17T17:18:23","slug":"que-es-la-declaracion-aduanera-de-mercancias","status":"publish","type":"post","link":"https:\/\/www.ifssac.com\/blog\/que-es-la-declaracion-aduanera-de-mercancias\/","title":{"rendered":"\u00bfQu\u00e9 es la Declaraci\u00f3n aduanera de mercanc\u00edas?"},"content":{"rendered":"\n<p class=\"has-text-align-justify\">El MEF (Ministerio de Econom\u00eda y Finanzas) define la <strong>declaraci\u00f3n aduanera de mercanc\u00edas<\/strong> como un <em>\u201cdocumento mediante el cual el declarante indica el r\u00e9gimen aduanero que deber\u00e1 aplicarse a las mercanc\u00edas y suministra los detalles que la Administraci\u00f3n Aduanera requiere para su aplicaci\u00f3n<\/em>\u201d.&nbsp; Este documento tambi\u00e9n es conocido por las siglas DAM y en esta publicaci\u00f3n hablaremos m\u00e1s al respecto.&nbsp;<\/p>\n\n\n\n<h2 class=\"wp-block-heading\">\u00bfQui\u00e9n elabora la DAM?<\/h2>\n\n\n\n<p class=\"has-text-align-justify\">La DAM debe elaborarse despu\u00e9s de que las mercanc\u00edas hayan sido embarcadas en el lugar de <a href=\"https:\/\/www.ifssac.com\/blog\/certificado-de-origen-como-tramitarlo\/\" target=\"_blank\" aria-label=\"origen (opens in a new tab)\" rel=\"noreferrer noopener\" class=\"ek-link\">origen<\/a>, seg\u00fan los plazos establecidos en el Reglamento. Su elaboraci\u00f3n debe ser hecha por el Importador o a trav\u00e9s de un Despachador de Aduanas autorizado en la Aduana de Despacho.<\/p>\n\n\n\n<h2 class=\"wp-block-heading\">\u00bfTodos deben elaborar la Declaraci\u00f3n Aduanera de Mercanc\u00edas?&nbsp;<\/h2>\n\n\n\n<p class=\"has-text-align-justify\">La declaraci\u00f3n aduanera de Mercanc\u00edas es obligatoria para todos aquellos que compren o vendan mercanc\u00edas fuera del territorio nacional, con destino en territorio nacional y que est\u00e9n sometidas al r\u00e9gimen de importaci\u00f3n.&nbsp;<\/p>\n\n\n\n<p class=\"has-text-align-justify\">Pese a ello, tambi\u00e9n hay casos donde la Declaraci\u00f3n Aduanera de Mercanc\u00edas no es obligatoria. Estas excepciones est\u00e1n establecidas en el T\u00edtulo III del Reglamento para el Registro y Aceptaci\u00f3n de la DAM, entre los cuales se encuentran:&nbsp;<\/p>\n\n\n\n<ul class=\"wp-block-list\">\n<li>Donaciones.&nbsp;<\/li>\n\n\n\n<li>Env\u00edos de socorro.<\/li>\n\n\n\n<li>Restos humanos.<\/li>\n\n\n\n<li>Mercanc\u00edas ingresadas por viajeros.&nbsp;<\/li>\n\n\n\n<li>Material monetario.<\/li>\n\n\n\n<li>Material para uso aeron\u00e1utico.<\/li>\n\n\n\n<li>Env\u00edos de paquetes, postales y correspondencias.<\/li>\n\n\n\n<li>Despachos de menor cuant\u00eda.<\/li>\n\n\n\n<li>Menaje dom\u00e9stico.<\/li>\n\n\n\n<li>Mercanc\u00edas transportadas por v\u00eda a\u00e9rea, entre otras.&nbsp;<\/li>\n<\/ul>\n\n\n\n<h2 class=\"wp-block-heading\">\u00bfCu\u00e1l es el plazo de registro de la DAM?<\/h2>\n\n\n\n<p class=\"has-text-align-justify\">El plazo de registro de la DAM va a depender del medio de transporte elegido para mover la mercanc\u00eda, as\u00ed; por ejemplo, en el caso de <a href=\"https:\/\/www.ifssac.com\/transporte-maritimo\" target=\"_blank\" aria-label=\"transporte mar\u00edtimo (opens in a new tab)\" rel=\"noreferrer noopener\" class=\"ek-link\">transporte mar\u00edtimo<\/a>, cuando el tiempo de viaje es menor a tres d\u00edas, el plazo es hasta antes del arribo de la mercanc\u00eda al puerto de tr\u00e1nsito.&nbsp;<\/p>\n\n\n\n<p class=\"has-text-align-justify\">Por otro lado, cuando el tiempo de viaje es igual o mayor a tres d\u00edas y menor a diez, se tiene hasta los tres d\u00edas siguientes a la fecha de embarque para presentar la declaraci\u00f3n. Y, en el caso de que el tiempo de viaje sea superior a diez d\u00edas, se tiene hasta 10 d\u00edas siguientes a la fecha de embarque para presentar el DAM.&nbsp;<\/p>\n\n\n\n<p class=\"has-text-align-justify\">En cuanto al transporte terrestre, se tiene como plazo hasta antes del ingreso de las mercanc\u00edas al territorio nacional. Y, por v\u00eda a\u00e9rea, hasta antes del arribo de las mercanc\u00edas al aeropuerto de ingreso.<\/p>\n\n\n<div class=\"wp-block-image\">\n<figure class=\"aligncenter size-full\"><img loading=\"lazy\" decoding=\"async\" width=\"1025\" height=\"450\" src=\"https:\/\/www.ifssac.com\/blog\/wp-content\/uploads\/2023\/01\/Por-que-es-importante-la-Declaracion-Aduanera-de-Mercancias.jpg\" alt=\"Por qu\u00e9 es importante la Declaraci\u00f3n Aduanera de Mercanc\u00edas\" class=\"wp-image-535\" srcset=\"https:\/\/www.ifssac.com\/blog\/wp-content\/uploads\/2023\/01\/Por-que-es-importante-la-Declaracion-Aduanera-de-Mercancias.jpg 1025w, https:\/\/www.ifssac.com\/blog\/wp-content\/uploads\/2023\/01\/Por-que-es-importante-la-Declaracion-Aduanera-de-Mercancias-300x132.jpg 300w, https:\/\/www.ifssac.com\/blog\/wp-content\/uploads\/2023\/01\/Por-que-es-importante-la-Declaracion-Aduanera-de-Mercancias-768x337.jpg 768w\" sizes=\"auto, (max-width: 1025px) 100vw, 1025px\" \/><\/figure><\/div>\n\n\n<h2 class=\"wp-block-heading\">\u00bfPor qu\u00e9 es importante la Declaraci\u00f3n Aduanera de Mercanc\u00edas?&nbsp;<\/h2>\n\n\n\n<p class=\"has-text-align-justify\">Es importante porque en este documento se declara ante la autoridad aduanera el r\u00e9gimen de la mercanc\u00eda trasladada. Con la informaci\u00f3n proporcionada en la Declaraci\u00f3n se desplegar\u00e1n las acciones de control respectivas. Cualquier error en el documento amerita sanciones; por ejemplo, multas, e incluso la autoridad aduanera podr\u00eda derivar el caso a la polic\u00eda para que realice las investigaciones necesarias. Estas \u00faltimas podr\u00edan incluso derivar en una investigaci\u00f3n por parte de la corte penal, en el caso de que se llegue a considerar que existen evidencias de delitos aduaneros como contrabando, fraudes; entre otros.&nbsp;<\/p>\n\n\n\n<p class=\"has-text-align-justify\">\u00bfNecesita un <a aria-label=\"despachador aduanero (opens in a new tab)\" href=\"https:\/\/www.ifssac.com\/agenciamiento-aduanas\" target=\"_blank\" rel=\"noreferrer noopener\" class=\"ek-link\">despachador aduanero<\/a> que le ayude con la Declaraci\u00f3n Aduanera de Mercanc\u00edas?. Somos un <a href=\"https:\/\/www.ifssac.com\/\" target=\"_blank\" aria-label=\"Operador Log\u00edstico Internacional (opens in a new tab)\" rel=\"noreferrer noopener\" class=\"ek-link\">Operador Log\u00edstico Internacional<\/a> con experiencia comprobada. \u00a1Contacte con nuestros asesores!&nbsp;<\/p>\n\n\n\n<script type=\"application\/ld+json\">\n{\n  \"@context\": \"https:\/\/schema.org\",\n  \"@type\": \"FAQPage\",\n  \"mainEntity\": [{\n    \"@type\": \"Question\",\n    \"name\": \"\u00bfQu\u00e9 es la Declaraci\u00f3n aduanera de mercanc\u00edas?\",\n    \"acceptedAnswer\": {\n      \"@type\": \"Answer\",\n      \"text\": \"El MEF (Ministerio de Econom\u00eda y Finanzas) define la declaraci\u00f3n aduanera de mercanc\u00edas como un \u201cdocumento mediante el cual el declarante indica el r\u00e9gimen aduanero que deber\u00e1 aplicarse a las mercanc\u00edas y suministra los detalles que la Administraci\u00f3n Aduanera requiere para su aplicaci\u00f3n\u201d.  Este documento tambi\u00e9n es conocido por las siglas DAM y en esta publicaci\u00f3n hablaremos m\u00e1s al respecto.\"\n    }\n  },{\n    \"@type\": \"Question\",\n    \"name\": \"\u00bfQui\u00e9n elabora la DAM?\",\n    \"acceptedAnswer\": {\n      \"@type\": \"Answer\",\n      \"text\": \"La DAM debe elaborarse despu\u00e9s de que las mercanc\u00edas hayan sido embarcadas en el lugar de origen, seg\u00fan los plazos establecidos en el Reglamento. Su elaboraci\u00f3n debe ser hecha por el Importador o a trav\u00e9s de un Despachador de Aduanas autorizado en la Aduana de Despacho.\"\n    }\n  },{\n    \"@type\": \"Question\",\n    \"name\": \"\u00bfTodos deben elaborar la Declaraci\u00f3n Aduanera de Mercanc\u00edas?\",\n    \"acceptedAnswer\": {\n      \"@type\": \"Answer\",\n      \"text\": \"La declaraci\u00f3n aduanera de Mercanc\u00edas es obligatoria para todos aquellos que compren o vendan mercanc\u00edas fuera del territorio nacional, con destino en territorio nacional y que est\u00e9n sometidas al r\u00e9gimen de importaci\u00f3n.\"\n    }\n  },{\n    \"@type\": \"Question\",\n    \"name\": \"\u00bfCu\u00e1l es el plazo de registro de la DAM?\",\n    \"acceptedAnswer\": {\n      \"@type\": \"Answer\",\n      \"text\": \"El plazo de registro de la DAM va a depender del medio de transporte elegido para mover la mercanc\u00eda, as\u00ed; por ejemplo, en el caso de transporte mar\u00edtimo, cuando el tiempo de viaje es menor a tres d\u00edas, el plazo es hasta antes del arribo de la mercanc\u00eda al puerto de tr\u00e1nsito. \n\nPor otro lado, cuando el tiempo de viaje es igual o mayor a tres d\u00edas y menor a diez, se tiene hasta los tres d\u00edas siguientes a la fecha de embarque para presentar la declaraci\u00f3n. Y, en el caso de que el tiempo de viaje sea superior a diez d\u00edas, se tiene hasta 10 d\u00edas siguientes a la fecha de embarque para presentar el DAM. \n\nEn cuanto al transporte terrestre, se tiene como plazo hasta antes del ingreso de las mercanc\u00edas al territorio nacional. Y, por v\u00eda a\u00e9rea, hasta antes del arribo de las mercanc\u00edas al aeropuerto de ingreso.\"\n    }\n  },{\n    \"@type\": \"Question\",\n    \"name\": \"\u00bfPor qu\u00e9 es importante la Declaraci\u00f3n Aduanera de Mercanc\u00edas?\",\n    \"acceptedAnswer\": {\n      \"@type\": \"Answer\",\n      \"text\": \"Es importante porque en este documento se declara ante la autoridad aduanera el r\u00e9gimen de la mercanc\u00eda trasladada. Con la informaci\u00f3n proporcionada en la Declaraci\u00f3n se desplegar\u00e1n las acciones de control respectivas. Cualquier error en el documento amerita sanciones; por ejemplo, multas, e incluso la autoridad aduanera podr\u00eda derivar el caso a la polic\u00eda para que realice las investigaciones necesarias. Estas \u00faltimas podr\u00edan incluso derivar en una investigaci\u00f3n por parte de la corte penal, en el caso de que se llegue a considerar que existen evidencias de delitos aduaneros como contrabando, fraudes; entre otros.\"\n    }\n  }]\n}\n<\/script>\n","protected":false},"excerpt":{"rendered":"<p>El MEF (Ministerio de Econom\u00eda y Finanzas) define la declaraci\u00f3n aduanera de mercanc\u00edas como un \u201cdocumento mediante el cual el declarante indica el r\u00e9gimen aduanero que deber\u00e1 aplicarse a las mercanc\u00edas y suministra los detalles que la Administraci\u00f3n Aduanera requiere para su aplicaci\u00f3n\u201d.&nbsp; Este documento tambi\u00e9n es conocido por las siglas DAM y en esta [&hellip;]<\/p>\n","protected":false},"author":2,"featured_media":534,"comment_status":"open","ping_status":"open","sticky":false,"template":"","format":"standard","meta":{"footnotes":""},"categories":[17],"tags":[],"class_list":["post-528","post","type-post","status-publish","format-standard","has-post-thumbnail","hentry","category-agenciamiento-aduanas"],"_links":{"self":[{"href":"https:\/\/www.ifssac.com\/blog\/wp-json\/wp\/v2\/posts\/528","targetHints":{"allow":["GET"]}}],"collection":[{"href":"https:\/\/www.ifssac.com\/blog\/wp-json\/wp\/v2\/posts"}],"about":[{"href":"https:\/\/www.ifssac.com\/blog\/wp-json\/wp\/v2\/types\/post"}],"author":[{"embeddable":true,"href":"https:\/\/www.ifssac.com\/blog\/wp-json\/wp\/v2\/users\/2"}],"replies":[{"embeddable":true,"href":"https:\/\/www.ifssac.com\/blog\/wp-json\/wp\/v2\/comments?post=528"}],"version-history":[{"count":2,"href":"https:\/\/www.ifssac.com\/blog\/wp-json\/wp\/v2\/posts\/528\/revisions"}],"predecessor-version":[{"id":972,"href":"https:\/\/www.ifssac.com\/blog\/wp-json\/wp\/v2\/posts\/528\/revisions\/972"}],"wp:featuredmedia":[{"embeddable":true,"href":"https:\/\/www.ifssac.com\/blog\/wp-json\/wp\/v2\/media\/534"}],"wp:attachment":[{"href":"https:\/\/www.ifssac.com\/blog\/wp-json\/wp\/v2\/media?parent=528"}],"wp:term":[{"taxonomy":"category","embeddable":true,"href":"https:\/\/www.ifssac.com\/blog\/wp-json\/wp\/v2\/categories?post=528"},{"taxonomy":"post_tag","embeddable":true,"href":"https:\/\/www.ifssac.com\/blog\/wp-json\/wp\/v2\/tags?post=528"}],"curies":[{"name":"wp","href":"https:\/\/api.w.org\/{rel}","templated":true}]}}