{"id":1513,"date":"2024-07-03T16:44:52","date_gmt":"2024-07-03T21:44:52","guid":{"rendered":"https:\/\/www.ifssac.com\/blog\/?p=1513"},"modified":"2024-07-03T16:44:54","modified_gmt":"2024-07-03T21:44:54","slug":"el-puerto-de-mundra-en-la-india-lucha-contra-la-congestion-en-medio-de-un-creciente-volumen-de-contenedores","status":"publish","type":"post","link":"https:\/\/www.ifssac.com\/blog\/el-puerto-de-mundra-en-la-india-lucha-contra-la-congestion-en-medio-de-un-creciente-volumen-de-contenedores\/","title":{"rendered":"El puerto de Mundra, en la India, lucha contra la congesti\u00f3n en medio de un creciente volumen de contenedores"},"content":{"rendered":"\n<p>Puerto de Mundra<\/p>\n\n\n\n<p>Los importadores y exportadores indios est\u00e1n lidiando con considerables retrasos en la carga en el puerto de Mundra, que lidera el comercio de contenedores del pa\u00eds.<\/p>\n\n\n\n<p>Fuentes comerciales locales han expresado serias preocupaciones por la congesti\u00f3n que ha afectado las terminales de contenedores de Mundra durante las \u00faltimas semanas.<\/p>\n\n\n\n<p>\u201cLas terminales de Mundra ahora parecen estar enormemente congestionadas y la tramitaci\u00f3n (atraso) ha aumentado a niveles que est\u00e1n afectando el movimiento normal de cajas entre las CFS [estaciones de carga de contenedores] y las terminales\u201d, dijo la Asociaci\u00f3n de Estaciones de Carga de Contenedores de Mundra en una queja.<\/p>\n\n\n\n<p>La asociaci\u00f3n tambi\u00e9n se\u00f1al\u00f3: \u201cTodos los esfuerzos realizados por los CFS no est\u00e1n viendo ninguna mejora, sino que m\u00e1s bien est\u00e1n constatando que la situaci\u00f3n se est\u00e1 deteriorando a\u00fan m\u00e1s\u201d.<\/p>\n\n\n\n<p>Un cambio en el proceso de emisi\u00f3n de permisos de ingreso al puerto para veh\u00edculos de carga por parte de la autoridad portuaria parece ser la principal fuente de frustraci\u00f3n para los propietarios de estaciones de carga.<\/p>\n\n\n\n<p>Seg\u00fan ellos, los camioneros se enfrentan a esperas m\u00e1s largas para entrar y salir de los contenedores debido a su incapacidad para obtener permisos de entrada con rapidez.<\/p>\n\n\n\n<p>La asociaci\u00f3n CFS explic\u00f3: \u201cDebido a esto, los veh\u00edculos se quedan bloqueados en la carretera durante horas. Es necesario discutir con nuestros miembros una medida correctiva y elaborarla para garantizar que el movimiento contin\u00fae sin problemas\u201d.<\/p>\n\n\n\n<p>La congesti\u00f3n tambi\u00e9n ha preocupado a los operadores ferroviarios de contenedores, ya que los vol\u00famenes de ICD (dep\u00f3sito de contenedores interiores) representan una parte significativa del comercio de contenedores de Mundra.<\/p>\n\n\n\n<p>\u201cHa habido un aumento de la congesti\u00f3n en el puerto de Mundra debido a demoras en el puerto en t\u00e9rminos de capacidad para evacuar eficazmente los contenedores de importaci\u00f3n en secuencia FIFO (primero en entrar, primero en salir) y a tiempo, a pesar de que los operadores de trenes de contenedores (CTO) proporcionan trenes para su despacho\u201d, dijo la Asociaci\u00f3n de Operadores de Trenes de Contenedores (ACTO) en un aviso comercial.<\/p>\n\n\n\n<p>Seg\u00fan la ACTO: \u201cEsto ha llevado a que Indian Railways imponga restricciones a la carga de doble pila para acelerar la evacuaci\u00f3n de los trenes del puerto\u201d.<\/p>\n\n\n\n<p>El grupo agreg\u00f3: \u201cSe informa claramente a las l\u00edneas comerciales, portuarias y navieras que la imposici\u00f3n resultante de cargos por alquiler de tierra no es resultado de ninguna falla de las CTO\u201d.<\/p>\n\n\n\n<p>Mundra es la entidad portuaria insignia de Adani Ports en India, con cinco terminales de contenedores. El puerto privado registr\u00f3 7,4 millones de TEU en el a\u00f1o fiscal 2023-24, lo que representa un 15 % m\u00e1s que el puerto de Nhava Sheva.<\/p>\n\n\n\n<p>A medida que los vol\u00famenes se expanden r\u00e1pidamente, el Grupo Adani est\u00e1 considerando realizar m\u00e1s inversiones para ampliar la capacidad de Mundra. \u201cSeguimos invirtiendo fuertemente en el negocio para impulsar el crecimiento, en particular en el segmento log\u00edstico\u201d, afirm\u00f3 Adani en un comunicado reciente.<\/p>\n\n\n\n<hr class=\"wp-block-separator has-alpha-channel-opacity\"\/>\n\n\n\n<p>Jenny Daniel, Corresponsal global<\/p>\n\n\n\n<p>Fuente: <a href=\"https:\/\/container-news.com\/\">Container News<\/a><\/p>\n","protected":false},"excerpt":{"rendered":"<p>Puerto de Mundra Los importadores y exportadores indios est\u00e1n lidiando con considerables retrasos en la carga en el puerto de Mundra, que lidera el comercio de contenedores del pa\u00eds. Fuentes comerciales locales han expresado serias preocupaciones por la congesti\u00f3n que ha afectado las terminales de contenedores de Mundra durante las \u00faltimas semanas. \u201cLas terminales de [&hellip;]<\/p>\n","protected":false},"author":1,"featured_media":1509,"comment_status":"open","ping_status":"open","sticky":false,"template":"","format":"standard","meta":{"footnotes":""},"categories":[6],"tags":[10],"class_list":["post-1513","post","type-post","status-publish","format-standard","has-post-thumbnail","hentry","category-transporte-maritimo","tag-transporte-maritimo"],"_links":{"self":[{"href":"https:\/\/www.ifssac.com\/blog\/wp-json\/wp\/v2\/posts\/1513","targetHints":{"allow":["GET"]}}],"collection":[{"href":"https:\/\/www.ifssac.com\/blog\/wp-json\/wp\/v2\/posts"}],"about":[{"href":"https:\/\/www.ifssac.com\/blog\/wp-json\/wp\/v2\/types\/post"}],"author":[{"embeddable":true,"href":"https:\/\/www.ifssac.com\/blog\/wp-json\/wp\/v2\/users\/1"}],"replies":[{"embeddable":true,"href":"https:\/\/www.ifssac.com\/blog\/wp-json\/wp\/v2\/comments?post=1513"}],"version-history":[{"count":1,"href":"https:\/\/www.ifssac.com\/blog\/wp-json\/wp\/v2\/posts\/1513\/revisions"}],"predecessor-version":[{"id":1514,"href":"https:\/\/www.ifssac.com\/blog\/wp-json\/wp\/v2\/posts\/1513\/revisions\/1514"}],"wp:featuredmedia":[{"embeddable":true,"href":"https:\/\/www.ifssac.com\/blog\/wp-json\/wp\/v2\/media\/1509"}],"wp:attachment":[{"href":"https:\/\/www.ifssac.com\/blog\/wp-json\/wp\/v2\/media?parent=1513"}],"wp:term":[{"taxonomy":"category","embeddable":true,"href":"https:\/\/www.ifssac.com\/blog\/wp-json\/wp\/v2\/categories?post=1513"},{"taxonomy":"post_tag","embeddable":true,"href":"https:\/\/www.ifssac.com\/blog\/wp-json\/wp\/v2\/tags?post=1513"}],"curies":[{"name":"wp","href":"https:\/\/api.w.org\/{rel}","templated":true}]}}