{"id":127,"date":"2022-07-27T16:16:00","date_gmt":"2022-07-27T21:16:00","guid":{"rendered":"https:\/\/www.ifssac.com\/blog\/?p=127"},"modified":"2023-04-14T09:28:17","modified_gmt":"2023-04-14T14:28:17","slug":"economia-local-crecimiento-para-las-exportaciones-e-importaciones","status":"publish","type":"post","link":"https:\/\/www.ifssac.com\/blog\/economia-local-crecimiento-para-las-exportaciones-e-importaciones\/","title":{"rendered":"Econom\u00eda Local: crecimiento para las exportaciones e importaciones"},"content":{"rendered":"\n<p class=\"has-text-align-justify\">El PBI tiene un buen pron\u00f3stico de crecimiento para este a\u00f1o, en el Per\u00fa. Sin embargo, es importante hacer un seguimiento a lo que sucede en la pol\u00edtica y la <strong>econom\u00eda local <\/strong>para que los vaticinios favorables lleguen a concretarse.&nbsp;<\/p>\n\n\n<div class=\"wp-block-image\">\n<figure class=\"aligncenter size-large\"><a href=\"https:\/\/www.ifssac.com\/contactenos\" target=\"_blank\" rel=\"noreferrer noopener\"><img loading=\"lazy\" decoding=\"async\" width=\"1024\" height=\"113\" src=\"https:\/\/www.ifssac.com\/blog\/wp-content\/uploads\/2022\/08\/Agenciamiento-de-Aduanas-1024x113.png\" alt=\"Agenciamiento de aduanas\" class=\"wp-image-207\" srcset=\"https:\/\/www.ifssac.com\/blog\/wp-content\/uploads\/2022\/08\/Agenciamiento-de-Aduanas-1024x113.png 1024w, https:\/\/www.ifssac.com\/blog\/wp-content\/uploads\/2022\/08\/Agenciamiento-de-Aduanas-300x33.png 300w, https:\/\/www.ifssac.com\/blog\/wp-content\/uploads\/2022\/08\/Agenciamiento-de-Aduanas-768x85.png 768w, https:\/\/www.ifssac.com\/blog\/wp-content\/uploads\/2022\/08\/Agenciamiento-de-Aduanas.png 1520w\" sizes=\"auto, (max-width: 1024px) 100vw, 1024px\" \/><\/a><\/figure><\/div>\n\n\n<p class=\"has-text-align-justify\">El pron\u00f3stico del crecimiento PBI para este a\u00f1o, se sustenta en el auge de las <a href=\"https:\/\/www.ifssac.com\/agenciamiento-aduanas\" target=\"_blank\" aria-label=\"exportaciones e importaciones del pa\u00eds (opens in a new tab)\" rel=\"noreferrer noopener\" class=\"ek-link\"><strong>exportaciones e importaciones del pa\u00eds<\/strong><\/a>. Las cifras han sido alentadoras en los meses que han transcurrido, pese al descenso de octubre del a\u00f1o pasado; por lo que se pronostica que a finales de a\u00f1o se marcar\u00e1 un hito en las exportaciones, las cuales podr\u00edan superar los 54,500 millones de d\u00f3lares.<\/p>\n\n\n<div class=\"wp-block-image\">\n<figure class=\"aligncenter size-full\"><img loading=\"lazy\" decoding=\"async\" width=\"1025\" height=\"450\" src=\"https:\/\/www.ifssac.com\/blog\/wp-content\/uploads\/2022\/08\/La-economia-local-depende-del-orden-interno.jpg\" alt=\"La econom\u00eda local depende del orden interno\" class=\"wp-image-128\" srcset=\"https:\/\/www.ifssac.com\/blog\/wp-content\/uploads\/2022\/08\/La-economia-local-depende-del-orden-interno.jpg 1025w, https:\/\/www.ifssac.com\/blog\/wp-content\/uploads\/2022\/08\/La-economia-local-depende-del-orden-interno-300x132.jpg 300w, https:\/\/www.ifssac.com\/blog\/wp-content\/uploads\/2022\/08\/La-economia-local-depende-del-orden-interno-768x337.jpg 768w\" sizes=\"auto, (max-width: 1025px) 100vw, 1025px\" \/><\/figure><\/div>\n\n\n<h2 class=\"wp-block-heading\">La econom\u00eda local depende del orden interno<\/h2>\n\n\n\n<p class=\"has-text-align-justify\">El comercio exterior ha tenido una mejora importante para los productos oriundos de nuestro pa\u00eds. Y es que <strong>la recuperaci\u00f3n econ\u00f3mica de varios estados ha mejorado<\/strong>, lo que ha contribuido a que la demanda de productos de origen nacional aumente, as\u00ed como los precios de los mismos. Sin embargo, no ha sucedido lo mismo si nos enfocamos solo al \u00e1mbito local, ya que este \u00e9xito no se ha replicado; uno de los principales factores que pueden haber influido en esto es la incertidumbre pol\u00edtica, social y econ\u00f3mica.<\/p>\n\n\n<div class=\"wp-block-image\">\n<figure class=\"aligncenter size-full\"><img loading=\"lazy\" decoding=\"async\" width=\"1025\" height=\"450\" src=\"https:\/\/www.ifssac.com\/blog\/wp-content\/uploads\/2022\/08\/La-exportaciones-e-importaciones-peruanas-han-crecido-en-lo-que-va-del-2022.jpg\" alt=\"La exportaciones e importaciones peruanas han crecido en lo que va del 2022\" class=\"wp-image-129\" srcset=\"https:\/\/www.ifssac.com\/blog\/wp-content\/uploads\/2022\/08\/La-exportaciones-e-importaciones-peruanas-han-crecido-en-lo-que-va-del-2022.jpg 1025w, https:\/\/www.ifssac.com\/blog\/wp-content\/uploads\/2022\/08\/La-exportaciones-e-importaciones-peruanas-han-crecido-en-lo-que-va-del-2022-300x132.jpg 300w, https:\/\/www.ifssac.com\/blog\/wp-content\/uploads\/2022\/08\/La-exportaciones-e-importaciones-peruanas-han-crecido-en-lo-que-va-del-2022-768x337.jpg 768w\" sizes=\"auto, (max-width: 1025px) 100vw, 1025px\" \/><\/figure><\/div>\n\n\n<h2 class=\"wp-block-heading\">La exportaciones e importaciones peruanas han crecido en lo que va del 2022<\/h2>\n\n\n\n<p class=\"has-text-align-justify\">El crecimiento que han mostrado las <strong><a href=\"https:\/\/www.ifssac.com\/blog\/aumentan-las-agroexportaciones-en-peru\/\" target=\"_blank\" aria-label=\"exportaciones peruanas (opens in a new tab)\" rel=\"noreferrer noopener\" class=\"ek-link\">exportaciones peruanas<\/a><\/strong> ha sido importante en los \u00faltimos meses. Tan solo entre enero y abril de 2022 las exportaciones registraron un valor de 18,189 millones de d\u00f3lares; lo que representa un aumento del 3.7% frente al mismo periodo de 2021.&nbsp;<\/p>\n\n\n\n<p class=\"has-text-align-justify\">Con relaci\u00f3n a los pa\u00edses que aumentaron sus compras de productos peruanos, se encuentran EE.UU. con una inversi\u00f3n de $2562 millones en compras de productos peruanos; y Reino Unido, con $808 millones.&nbsp;<\/p>\n\n\n\n<p class=\"has-text-align-justify\">Esto no es todo, las importaciones tambi\u00e9n han manifestado un alza importante, alcanzando los 19.388 millones de d\u00f3lares entre abril y mayo de 2022; en este caso, el crecimiento, en contraste con el mismo periodo en 2021 ha sido de 23.2%<\/p>\n\n\n<div class=\"wp-block-image\">\n<figure class=\"aligncenter size-full\"><img loading=\"lazy\" decoding=\"async\" width=\"1025\" height=\"450\" src=\"https:\/\/www.ifssac.com\/blog\/wp-content\/uploads\/2022\/08\/Hubo-un-crecimiento-importante-en-exportaciones-no-tradicionales.jpg\" alt=\"Hubo un crecimiento importante en exportaciones no tradicionales\" class=\"wp-image-130\" srcset=\"https:\/\/www.ifssac.com\/blog\/wp-content\/uploads\/2022\/08\/Hubo-un-crecimiento-importante-en-exportaciones-no-tradicionales.jpg 1025w, https:\/\/www.ifssac.com\/blog\/wp-content\/uploads\/2022\/08\/Hubo-un-crecimiento-importante-en-exportaciones-no-tradicionales-300x132.jpg 300w, https:\/\/www.ifssac.com\/blog\/wp-content\/uploads\/2022\/08\/Hubo-un-crecimiento-importante-en-exportaciones-no-tradicionales-768x337.jpg 768w\" sizes=\"auto, (max-width: 1025px) 100vw, 1025px\" \/><\/figure><\/div>\n\n\n<h2 class=\"wp-block-heading\">Hubo un crecimiento importante en exportaciones no tradicionales<\/h2>\n\n\n\n<p class=\"has-text-align-justify\">El dinamismo en las exportaciones, registrado en el primer cuarto del a\u00f1o 2022 <strong>se debe en gran medida al crecimiento de las exportaciones no tradicionales<\/strong>, las cuales se caracterizan por tener un mayor valor agregado. Respecto a este grupo, las exportaciones que lideraron fueron las de agroexportaci\u00f3n, seguidas por el sector qu\u00edmico, el textil y el siderometal\u00fargico.&nbsp;<\/p>\n\n\n\n<p class=\"has-text-align-justify\">Con relaci\u00f3n a las mencionadas, las agroexportaciones son las que han mostrado mayor resistencia pese al impacto de la coyuntura; por lo que han registrado un crecimiento de 25.1% entre enero a abril, en contraste con el 2021. Estas tuvieron como principales destinos pa\u00edses como EE.UU., Pa\u00edses Bajos, Espa\u00f1a, Alemania, Ecuador y China.<\/p>\n\n\n\n<p>Nuestro equipo <a href=\"https:\/\/www.ifssac.com\/\" target=\"_blank\" aria-label=\"Operador Log\u00edstico Internacional (opens in a new tab)\" rel=\"noreferrer noopener\" class=\"ek-link\">Operador Log\u00edstico Internacional<\/a> puede ayudarte con tus exportaciones. \u00a1Ponte en contacto!<\/p>\n","protected":false},"excerpt":{"rendered":"<p>El PBI tiene un buen pron\u00f3stico de crecimiento para este a\u00f1o, en el Per\u00fa. Sin embargo, es importante hacer un seguimiento a lo que sucede en la pol\u00edtica y la econom\u00eda local para que los vaticinios favorables lleguen a concretarse.&nbsp; El pron\u00f3stico del crecimiento PBI para este a\u00f1o, se sustenta en el auge de las [&hellip;]<\/p>\n","protected":false},"author":2,"featured_media":131,"comment_status":"open","ping_status":"open","sticky":false,"template":"","format":"standard","meta":{"footnotes":""},"categories":[17],"tags":[19,20],"class_list":["post-127","post","type-post","status-publish","format-standard","has-post-thumbnail","hentry","category-agenciamiento-aduanas","tag-aduanas","tag-crecimiento-para-las-exportaciones-e-importaciones"],"_links":{"self":[{"href":"https:\/\/www.ifssac.com\/blog\/wp-json\/wp\/v2\/posts\/127","targetHints":{"allow":["GET"]}}],"collection":[{"href":"https:\/\/www.ifssac.com\/blog\/wp-json\/wp\/v2\/posts"}],"about":[{"href":"https:\/\/www.ifssac.com\/blog\/wp-json\/wp\/v2\/types\/post"}],"author":[{"embeddable":true,"href":"https:\/\/www.ifssac.com\/blog\/wp-json\/wp\/v2\/users\/2"}],"replies":[{"embeddable":true,"href":"https:\/\/www.ifssac.com\/blog\/wp-json\/wp\/v2\/comments?post=127"}],"version-history":[{"count":1,"href":"https:\/\/www.ifssac.com\/blog\/wp-json\/wp\/v2\/posts\/127\/revisions"}],"predecessor-version":[{"id":905,"href":"https:\/\/www.ifssac.com\/blog\/wp-json\/wp\/v2\/posts\/127\/revisions\/905"}],"wp:featuredmedia":[{"embeddable":true,"href":"https:\/\/www.ifssac.com\/blog\/wp-json\/wp\/v2\/media\/131"}],"wp:attachment":[{"href":"https:\/\/www.ifssac.com\/blog\/wp-json\/wp\/v2\/media?parent=127"}],"wp:term":[{"taxonomy":"category","embeddable":true,"href":"https:\/\/www.ifssac.com\/blog\/wp-json\/wp\/v2\/categories?post=127"},{"taxonomy":"post_tag","embeddable":true,"href":"https:\/\/www.ifssac.com\/blog\/wp-json\/wp\/v2\/tags?post=127"}],"curies":[{"name":"wp","href":"https:\/\/api.w.org\/{rel}","templated":true}]}}