{"id":120,"date":"2022-07-22T15:50:00","date_gmt":"2022-07-22T20:50:00","guid":{"rendered":"https:\/\/www.ifssac.com\/blog\/?p=120"},"modified":"2023-04-14T09:29:03","modified_gmt":"2023-04-14T14:29:03","slug":"aumentan-las-agroexportaciones-en-peru","status":"publish","type":"post","link":"https:\/\/www.ifssac.com\/blog\/aumentan-las-agroexportaciones-en-peru\/","title":{"rendered":"Aumentan las agroexportaciones en Per\u00fa"},"content":{"rendered":"\n<p class=\"has-text-align-justify\">\u00a1Una buena noticia para el pa\u00eds! Se pronostica que el <a href=\"https:\/\/www.ifssac.com\/blog\/economia-local-crecimiento-para-las-exportaciones-e-importaciones\/\" target=\"_blank\" aria-label=\"crecimiento del PBI (opens in a new tab)\" rel=\"noreferrer noopener\" class=\"ek-link\"><strong>crecimiento del PBI<\/strong><\/a> para este a\u00f1o ser\u00e1 de 4.4%. Y gran parte de este alcance lo tendr\u00eda el auge de las <a aria-label=\"agroexportaciones en Per\u00fa (opens in a new tab)\" href=\"https:\/\/www.ifssac.com\/agenciamiento-aduanas\" target=\"_blank\" rel=\"noreferrer noopener\" class=\"ek-link\"><strong>agroexportaciones<\/strong> <strong>en Per\u00fa<\/strong><\/a>.&nbsp;<\/p>\n\n\n\n<p class=\"has-text-align-justify\">Estos datos son alentadores; puesto que el <strong>crecimiento econ\u00f3mico del pa\u00eds viene de la mano con la inclusi\u00f3n y la justicia social<\/strong>. Y es que la <strong><a href=\"https:\/\/www.ifssac.com\/blog\/exportacion-de-arandanos-rumbo-a-convertirse-en-primer-cultivo-agroexportador\/\" target=\"_blank\" aria-label=\"agroexportaci\u00f3n es una importante fuente de generaci\u00f3n de empleo en el Per\u00fa (opens in a new tab)\" rel=\"noreferrer noopener\" class=\"ek-link\">agroexportaci\u00f3n es una importante fuente de generaci\u00f3n de empleo en el Per\u00fa<\/a><\/strong>; lo que ha permitido que, en el periodo anterior, se generen 1,370,617 puestos de trabajo (directos e indirectos).&nbsp;&nbsp;<\/p>\n\n\n<div class=\"wp-block-image\">\n<figure class=\"aligncenter size-large\"><a href=\"https:\/\/www.ifssac.com\/contactenos\" target=\"_blank\" rel=\"noreferrer noopener\"><img loading=\"lazy\" decoding=\"async\" width=\"1024\" height=\"113\" src=\"https:\/\/www.ifssac.com\/blog\/wp-content\/uploads\/2022\/08\/Agenciamiento-de-Aduanas-1024x113.png\" alt=\"contacto con experto aduanero\" class=\"wp-image-207\" srcset=\"https:\/\/www.ifssac.com\/blog\/wp-content\/uploads\/2022\/08\/Agenciamiento-de-Aduanas-1024x113.png 1024w, https:\/\/www.ifssac.com\/blog\/wp-content\/uploads\/2022\/08\/Agenciamiento-de-Aduanas-300x33.png 300w, https:\/\/www.ifssac.com\/blog\/wp-content\/uploads\/2022\/08\/Agenciamiento-de-Aduanas-768x85.png 768w, https:\/\/www.ifssac.com\/blog\/wp-content\/uploads\/2022\/08\/Agenciamiento-de-Aduanas.png 1520w\" sizes=\"auto, (max-width: 1024px) 100vw, 1024px\" \/><\/a><\/figure><\/div>\n\n\n<p class=\"has-text-align-justify\">Adem\u00e1s, la agroexportaci\u00f3n ya no solo beneficia a algunas regiones con grandes empresas exportadoras como suced\u00eda antes; sino que ahora, <strong>adem\u00e1s de beneficiar a Ica, La Libertad y Lambayeque, tambi\u00e9n resulta favorable para 19 regiones m\u00e1s<\/strong>, entre ellas Huancavelica, Ancash, Ayacucho, Puno, entre otras.&nbsp;<\/p>\n\n\n<div class=\"wp-block-image\">\n<figure class=\"aligncenter size-full\"><img loading=\"lazy\" decoding=\"async\" width=\"1025\" height=\"450\" src=\"https:\/\/www.ifssac.com\/blog\/wp-content\/uploads\/2022\/08\/crecimiento-de-las-agroexportaciones.jpg\" alt=\"crecimiento de las agroexportaciones\" class=\"wp-image-121\" srcset=\"https:\/\/www.ifssac.com\/blog\/wp-content\/uploads\/2022\/08\/crecimiento-de-las-agroexportaciones.jpg 1025w, https:\/\/www.ifssac.com\/blog\/wp-content\/uploads\/2022\/08\/crecimiento-de-las-agroexportaciones-300x132.jpg 300w, https:\/\/www.ifssac.com\/blog\/wp-content\/uploads\/2022\/08\/crecimiento-de-las-agroexportaciones-768x337.jpg 768w\" sizes=\"auto, (max-width: 1025px) 100vw, 1025px\" \/><\/figure><\/div>\n\n\n<p class=\"has-white-color has-text-color\"><span style=\"background-color:#05408a\" class=\"has-inline-background\">TAMBI\u00c9N TE PUEDE INTERESAR<\/span><\/p>\n\n\n\n<ul class=\"is-style-starred has-list-bullet-color wp-block-list\" style=\"--ek-bullet-color:#05408a\">\n\n<li><a href=\"https:\/\/www.ifssac.com\/blog\/que-es-un-agente-de-carga-internacional-y-cuales-son-sus-funciones\/\" target=\"_blank\" aria-label=\"\u00bfQu\u00e9 es un agente de carga internacional y cu\u00e1les son sus funciones? (opens in a new tab)\" rel=\"noreferrer noopener\" class=\"ek-link\"><span style=\"background-color:#eaeaea\" class=\"has-inline-background\">\u00bfQu\u00e9 es un agente de carga internacional y cu\u00e1les son sus funciones?<\/span><\/a><\/li>\n\n\n<li><a href=\"https:\/\/www.ifssac.com\/blog\/ventajas-de-tener-un-despachador-de-aduanas-a-nivel-internacional\/\" target=\"_blank\" aria-label=\"Ventajas de tener un despachador de aduanas a nivel internacional (opens in a new tab)\" rel=\"noreferrer noopener\" class=\"ek-link\"><span style=\"background-color:#eaeaea\" class=\"has-inline-background\">Ventajas de tener un despachador de aduanas a nivel internacional<\/span><\/a><\/li>\n\n\n<li><a href=\"https:\/\/www.ifssac.com\/blog\/que-es-el-conocimiento-de-embarque-y-para-que-sirve\/\" target=\"_blank\" aria-label=\"\u00bfQu\u00e9 es el conocimiento de embarque y para qu\u00e9 sirve? (opens in a new tab)\" rel=\"noreferrer noopener\" class=\"ek-link\"><span style=\"background-color:#eaeaea\" class=\"has-inline-background\">\u00bfQu\u00e9 es el conocimiento de embarque y para qu\u00e9 sirve?<\/span><\/a><\/li>\n\n<\/ul>\n\n\n\n<h2 class=\"wp-block-heading\">El crecimiento de las agroexportaciones en 2022<\/h2>\n\n\n\n<p class=\"has-text-align-justify\">Para comprender el pron\u00f3stico de este a\u00f1o es necesario echar una mirada a las m\u00e9tricas del 2021. En este a\u00f1o, pese a las restricciones ocasionadas por el estado de emergencia (a causa de la pandemia); <strong>las agroexportaciones tuvieron un crecimiento de 15.8%<\/strong> en contraste con el 2020. Esto represent\u00f3 que, para el 2021, este sector econ\u00f3mico cerrar\u00e1 con un ingreso de 9000 millones de d\u00f3lares.&nbsp;<\/p>\n\n\n\n<p class=\"has-text-align-justify\">Las m\u00e9tricas obtenidas en 2021 hicieron que las agroexportaciones del Per\u00fa tuvieran una mejor valoraci\u00f3n por diferentes entidades internacionales. Debido a ello, hoy en d\u00eda el pa\u00eds es uno de los 25 principales proveedores de alimentos del mundo.&nbsp;<\/p>\n\n\n<div class=\"wp-block-image\">\n<figure class=\"aligncenter size-full\"><img loading=\"lazy\" decoding=\"async\" width=\"1025\" height=\"450\" src=\"https:\/\/www.ifssac.com\/blog\/wp-content\/uploads\/2022\/08\/Crecimiento-en-la-exportacion-de-frutas-posiciona-al-Peru.jpg\" alt=\"Crecimiento en la exportaci\u00f3n de frutas posiciona al Per\u00fa\" class=\"wp-image-122\" srcset=\"https:\/\/www.ifssac.com\/blog\/wp-content\/uploads\/2022\/08\/Crecimiento-en-la-exportacion-de-frutas-posiciona-al-Peru.jpg 1025w, https:\/\/www.ifssac.com\/blog\/wp-content\/uploads\/2022\/08\/Crecimiento-en-la-exportacion-de-frutas-posiciona-al-Peru-300x132.jpg 300w, https:\/\/www.ifssac.com\/blog\/wp-content\/uploads\/2022\/08\/Crecimiento-en-la-exportacion-de-frutas-posiciona-al-Peru-768x337.jpg 768w\" sizes=\"auto, (max-width: 1025px) 100vw, 1025px\" \/><\/figure><\/div>\n\n\n<h2 class=\"wp-block-heading\">Crecimiento en la exportaci\u00f3n de frutas posiciona al Per\u00fa en el top10 a nivel mundial<\/h2>\n\n\n\n<p class=\"has-text-align-justify\">Con relaci\u00f3n a los subgrupos de <a aria-label=\"agroexportaci\u00f3n que tuvieron mayor impacto (opens in a new tab)\" href=\"https:\/\/www.ifssac.com\/blog\/economia-local-crecimiento-para-las-exportaciones-e-importaciones\/\" target=\"_blank\" rel=\"noreferrer noopener\" class=\"ek-link\">agroexportaci\u00f3n que tuvieron mayor impacto<\/a>; se encuentra el de las frutas, cuya exportaci\u00f3n creci\u00f3 a 4500 millones de d\u00f3lares en 2021. <strong>La gran cantidad de <a href=\"https:\/\/www.ifssac.com\/blog\/crecimiento-en-las-exportaciones-de-palta\/\" target=\"_blank\" aria-label=\"frutas que se exportaron desde Per\u00fa (opens in a new tab)\" rel=\"noreferrer noopener\" class=\"ek-link\">frutas que se exportaron desde Per\u00fa<\/a> ha hecho que el pa\u00eds se posicione en el puesto 10 en el ranking de esta categor\u00eda<\/strong>, logrando as\u00ed superar a pa\u00edses como Ecuador o Italia.&nbsp;<\/p>\n\n\n\n<p class=\"has-text-align-justify\">Respecto a los productos de este subgrupo que m\u00e1s se exportan, se encuentran frutas como uvas, <a href=\"https:\/\/www.ifssac.com\/blog\/exportacion-de-arandanos-rumbo-a-convertirse-en-primer-cultivo-agroexportador\/\" target=\"_blank\" aria-label=\"ar\u00e1ndanos  (opens in a new tab)\" rel=\"noreferrer noopener\" class=\"ek-link\"><strong>ar\u00e1ndanos <\/strong><\/a>y paltas. Con relaci\u00f3n a estas \u00faltimas, ha sido importante el crecimiento que ha tenido su cosecha en regiones como Ayacucho y Huancavelica.&nbsp;<\/p>\n\n\n\n<p class=\"has-text-align-justify\">As\u00ed mismo, los pa\u00edses a los que se exportan estos productos han aumentado en lo que va del 2022, por lo que ahora tambi\u00e9n se extienden en la lista India, Argentina y Malasia y pr\u00f3ximamente se abrir\u00e1n mercado en pa\u00edses de oriente como Jap\u00f3n y China. &nbsp;<\/p>\n\n\n\n<p>Somos <a aria-label=\"Operador Log\u00edstico Internacional (opens in a new tab)\" href=\"https:\/\/www.ifssac.com\/\" target=\"_blank\" rel=\"noreferrer noopener\" class=\"ek-link\"><strong>Operador Log\u00edstico Internacional<\/strong><\/a>, \u00a1Cont\u00e1ctenos para brindarle m\u00e1s informaci\u00f3n sobre nuestros servicios!<\/p>\n","protected":false},"excerpt":{"rendered":"<p>\u00a1Una buena noticia para el pa\u00eds! Se pronostica que el crecimiento del PBI para este a\u00f1o ser\u00e1 de 4.4%. Y gran parte de este alcance lo tendr\u00eda el auge de las agroexportaciones en Per\u00fa.&nbsp; Estos datos son alentadores; puesto que el crecimiento econ\u00f3mico del pa\u00eds viene de la mano con la inclusi\u00f3n y la justicia [&hellip;]<\/p>\n","protected":false},"author":2,"featured_media":126,"comment_status":"open","ping_status":"open","sticky":false,"template":"","format":"standard","meta":{"footnotes":""},"categories":[17],"tags":[19,18],"class_list":["post-120","post","type-post","status-publish","format-standard","has-post-thumbnail","hentry","category-agenciamiento-aduanas","tag-aduanas","tag-agroexportaciones"],"_links":{"self":[{"href":"https:\/\/www.ifssac.com\/blog\/wp-json\/wp\/v2\/posts\/120","targetHints":{"allow":["GET"]}}],"collection":[{"href":"https:\/\/www.ifssac.com\/blog\/wp-json\/wp\/v2\/posts"}],"about":[{"href":"https:\/\/www.ifssac.com\/blog\/wp-json\/wp\/v2\/types\/post"}],"author":[{"embeddable":true,"href":"https:\/\/www.ifssac.com\/blog\/wp-json\/wp\/v2\/users\/2"}],"replies":[{"embeddable":true,"href":"https:\/\/www.ifssac.com\/blog\/wp-json\/wp\/v2\/comments?post=120"}],"version-history":[{"count":1,"href":"https:\/\/www.ifssac.com\/blog\/wp-json\/wp\/v2\/posts\/120\/revisions"}],"predecessor-version":[{"id":906,"href":"https:\/\/www.ifssac.com\/blog\/wp-json\/wp\/v2\/posts\/120\/revisions\/906"}],"wp:featuredmedia":[{"embeddable":true,"href":"https:\/\/www.ifssac.com\/blog\/wp-json\/wp\/v2\/media\/126"}],"wp:attachment":[{"href":"https:\/\/www.ifssac.com\/blog\/wp-json\/wp\/v2\/media?parent=120"}],"wp:term":[{"taxonomy":"category","embeddable":true,"href":"https:\/\/www.ifssac.com\/blog\/wp-json\/wp\/v2\/categories?post=120"},{"taxonomy":"post_tag","embeddable":true,"href":"https:\/\/www.ifssac.com\/blog\/wp-json\/wp\/v2\/tags?post=120"}],"curies":[{"name":"wp","href":"https:\/\/api.w.org\/{rel}","templated":true}]}}